{"id":373,"date":"2020-08-17T15:06:53","date_gmt":"2020-08-17T15:06:53","guid":{"rendered":"https:\/\/preambul.ee\/www\/?p=373"},"modified":"2020-08-17T15:06:53","modified_gmt":"2020-08-17T15:06:53","slug":"juhani-jaeger-eesti-korgharidus-on-eestikeelne-korgharidus-pm-21-11-19","status":"publish","type":"post","link":"https:\/\/preambul.ee\/www\/toeks\/juhani-jaeger-eesti-korgharidus-on-eestikeelne-korgharidus-pm-21-11-19\/","title":{"rendered":"Juhani Jaeger: Eesti k\u00f5rgharidus on eestikeelne k\u00f5rgharidus (PM 21.11.19)"},"content":{"rendered":"\n<p>Tsitaat PM:<br><br>&#8220;Tartu \u00fclikoolist ei tee rahvus\u00fclikooli, mille 100. aastap\u00e4eva me peagi t\u00e4histame, asjaolu, et see paikneb Eesti territooriumil. Rahvus\u00fclikooliks teeb selle kuulumine eesti keele ja kultuuri ruumi. Sama kehtib k\u00f5ikide Eesti \u00f5ppeasutuste kohta.<br>Eestikeelsus on ainus, mis tegelikult m\u00e4\u00e4rab, kas tegemist on eesti k\u00f5rgharidusega, eesti teadusega, eesti kultuuriga. Kogu meie riigi olemus on p\u00f5hiseaduse preambula kohaselt kokku v\u00f5etav keele, rahvuse ja kultuuri s\u00e4ilitamise igikestva \u00fclesandega.<br><br>Emakeelsus on iga v\u00e4ikerahva enesev\u00e4\u00e4rikuse k\u00fcsimus.&#8221;<\/p>\n","protected":false},"excerpt":{"rendered":"<p>Tsitaat PM: &#8220;Tartu \u00fclikoolist ei tee rahvus\u00fclikooli, mille 100. aastap\u00e4eva me peagi t\u00e4histame, asjaolu, et see paikneb Eesti territooriumil. Rahvus\u00fclikooliks teeb selle kuulumine eesti keele ja kultuuri ruumi. Sama kehtib k\u00f5ikide Eesti \u00f5ppeasutuste kohta.Eestikeelsus on ainus, mis tegelikult m\u00e4\u00e4rab, kas tegemist on eesti k\u00f5rgharidusega, eesti teadusega, eesti kultuuriga. Kogu meie riigi olemus on p\u00f5hiseaduse preambula [&hellip;]<\/p>\n","protected":false},"author":1,"featured_media":374,"comment_status":"open","ping_status":"open","sticky":false,"template":"","format":"standard","meta":{"footnotes":""},"categories":[6],"tags":[],"class_list":["post-373","post","type-post","status-publish","format-standard","has-post-thumbnail","hentry","category-toeks"],"yoast_head":"<!-- This site is optimized with the Yoast SEO plugin v14.5 - https:\/\/yoast.com\/wordpress\/plugins\/seo\/ -->\n<title>Juhani Jaeger: Eesti k\u00f5rgharidus on eestikeelne k\u00f5rgharidus (PM 21.11.19) -<\/title>\n<meta name=\"robots\" content=\"index, follow\" \/>\n<meta name=\"googlebot\" content=\"index, follow, max-snippet:-1, max-image-preview:large, max-video-preview:-1\" \/>\n<meta name=\"bingbot\" content=\"index, follow, max-snippet:-1, max-image-preview:large, max-video-preview:-1\" \/>\n<link rel=\"canonical\" href=\"https:\/\/preambul.ee\/www\/toeks\/juhani-jaeger-eesti-korgharidus-on-eestikeelne-korgharidus-pm-21-11-19\/\" \/>\n<meta property=\"og:locale\" content=\"et_EE\" \/>\n<meta property=\"og:type\" content=\"article\" \/>\n<meta property=\"og:title\" content=\"Juhani Jaeger: Eesti k\u00f5rgharidus on eestikeelne k\u00f5rgharidus (PM 21.11.19) -\" \/>\n<meta property=\"og:description\" content=\"Tsitaat PM: &#8220;Tartu \u00fclikoolist ei tee rahvus\u00fclikooli, mille 100. aastap\u00e4eva me peagi t\u00e4histame, asjaolu, et see paikneb Eesti territooriumil. Rahvus\u00fclikooliks teeb selle kuulumine eesti keele ja kultuuri ruumi. Sama kehtib k\u00f5ikide Eesti \u00f5ppeasutuste kohta.Eestikeelsus on ainus, mis tegelikult m\u00e4\u00e4rab, kas tegemist on eesti k\u00f5rgharidusega, eesti teadusega, eesti kultuuriga. Kogu meie riigi olemus on p\u00f5hiseaduse preambula [&hellip;]\" \/>\n<meta property=\"og:url\" content=\"https:\/\/preambul.ee\/www\/toeks\/juhani-jaeger-eesti-korgharidus-on-eestikeelne-korgharidus-pm-21-11-19\/\" \/>\n<meta property=\"article:publisher\" content=\"https:\/\/www.facebook.com\/Preambulee-101979401250795\/\" \/>\n<meta property=\"article:published_time\" content=\"2020-08-17T15:06:53+00:00\" \/>\n<meta property=\"og:image\" content=\"https:\/\/preambul.ee\/www\/wp-content\/uploads\/2020\/08\/JuhaniJaeger.jpeg\" \/>\n\t<meta property=\"og:image:width\" content=\"1400\" \/>\n\t<meta property=\"og:image:height\" content=\"933\" \/>\n<meta name=\"twitter:card\" content=\"summary_large_image\" \/>\n<script type=\"application\/ld+json\" class=\"yoast-schema-graph\">{\"@context\":\"https:\/\/schema.org\",\"@graph\":[{\"@type\":\"WebSite\",\"@id\":\"https:\/\/preambul.ee\/www\/#website\",\"url\":\"https:\/\/preambul.ee\/www\/\",\"name\":\"\",\"description\":\"\",\"potentialAction\":[{\"@type\":\"SearchAction\",\"target\":\"https:\/\/preambul.ee\/www\/?s={search_term_string}\",\"query-input\":\"required name=search_term_string\"}],\"inLanguage\":\"et\"},{\"@type\":\"ImageObject\",\"@id\":\"https:\/\/preambul.ee\/www\/toeks\/juhani-jaeger-eesti-korgharidus-on-eestikeelne-korgharidus-pm-21-11-19\/#primaryimage\",\"inLanguage\":\"et\",\"url\":\"https:\/\/preambul.ee\/www\/wp-content\/uploads\/2020\/08\/JuhaniJaeger.jpeg\",\"width\":1400,\"height\":933},{\"@type\":\"WebPage\",\"@id\":\"https:\/\/preambul.ee\/www\/toeks\/juhani-jaeger-eesti-korgharidus-on-eestikeelne-korgharidus-pm-21-11-19\/#webpage\",\"url\":\"https:\/\/preambul.ee\/www\/toeks\/juhani-jaeger-eesti-korgharidus-on-eestikeelne-korgharidus-pm-21-11-19\/\",\"name\":\"Juhani Jaeger: Eesti k\\u00f5rgharidus on eestikeelne k\\u00f5rgharidus (PM 21.11.19) -\",\"isPartOf\":{\"@id\":\"https:\/\/preambul.ee\/www\/#website\"},\"primaryImageOfPage\":{\"@id\":\"https:\/\/preambul.ee\/www\/toeks\/juhani-jaeger-eesti-korgharidus-on-eestikeelne-korgharidus-pm-21-11-19\/#primaryimage\"},\"datePublished\":\"2020-08-17T15:06:53+00:00\",\"dateModified\":\"2020-08-17T15:06:53+00:00\",\"author\":{\"@id\":\"https:\/\/preambul.ee\/www\/#\/schema\/person\/020459c1a3119285931146fa35f3da6c\"},\"inLanguage\":\"et\",\"potentialAction\":[{\"@type\":\"ReadAction\",\"target\":[\"https:\/\/preambul.ee\/www\/toeks\/juhani-jaeger-eesti-korgharidus-on-eestikeelne-korgharidus-pm-21-11-19\/\"]}]},{\"@type\":[\"Person\"],\"@id\":\"https:\/\/preambul.ee\/www\/#\/schema\/person\/020459c1a3119285931146fa35f3da6c\",\"name\":\"admin\",\"image\":{\"@type\":\"ImageObject\",\"@id\":\"https:\/\/preambul.ee\/www\/#personlogo\",\"inLanguage\":\"et\",\"url\":\"https:\/\/secure.gravatar.com\/avatar\/27b823b3fa6c61482c5d3a3c0692f731c228ed296d86e85a1414a685ec85e4ff?s=96&d=mm&r=g\",\"caption\":\"admin\"}}]}<\/script>\n<!-- \/ Yoast SEO plugin. -->","_links":{"self":[{"href":"https:\/\/preambul.ee\/www\/wp-json\/wp\/v2\/posts\/373","targetHints":{"allow":["GET"]}}],"collection":[{"href":"https:\/\/preambul.ee\/www\/wp-json\/wp\/v2\/posts"}],"about":[{"href":"https:\/\/preambul.ee\/www\/wp-json\/wp\/v2\/types\/post"}],"author":[{"embeddable":true,"href":"https:\/\/preambul.ee\/www\/wp-json\/wp\/v2\/users\/1"}],"replies":[{"embeddable":true,"href":"https:\/\/preambul.ee\/www\/wp-json\/wp\/v2\/comments?post=373"}],"version-history":[{"count":1,"href":"https:\/\/preambul.ee\/www\/wp-json\/wp\/v2\/posts\/373\/revisions"}],"predecessor-version":[{"id":375,"href":"https:\/\/preambul.ee\/www\/wp-json\/wp\/v2\/posts\/373\/revisions\/375"}],"wp:featuredmedia":[{"embeddable":true,"href":"https:\/\/preambul.ee\/www\/wp-json\/wp\/v2\/media\/374"}],"wp:attachment":[{"href":"https:\/\/preambul.ee\/www\/wp-json\/wp\/v2\/media?parent=373"}],"wp:term":[{"taxonomy":"category","embeddable":true,"href":"https:\/\/preambul.ee\/www\/wp-json\/wp\/v2\/categories?post=373"},{"taxonomy":"post_tag","embeddable":true,"href":"https:\/\/preambul.ee\/www\/wp-json\/wp\/v2\/tags?post=373"}],"curies":[{"name":"wp","href":"https:\/\/api.w.org\/{rel}","templated":true}]}}